{"id":509,"date":"2025-08-08T11:29:11","date_gmt":"2025-08-08T09:29:11","guid":{"rendered":"https:\/\/association-nigeriens-toulouse.fr\/?p=509"},"modified":"2025-10-06T12:04:10","modified_gmt":"2025-10-06T10:04:10","slug":"rencontre-conviviale-de-la-communaute-nigerienne-a-loccasion-de-fete-nationale-de-larbre-3-aout-2025","status":"publish","type":"post","link":"https:\/\/association-nigeriens-toulouse.fr\/?p=509","title":{"rendered":"Rencontre conviviale de la communaut\u00e9 nig\u00e9rienne \u00e0 l&rsquo;occasion de F\u00eate Nationale de l&rsquo;Arbre \u2013 3 ao\u00fbt 2025"},"content":{"rendered":"\n<p class=\"has-black-color has-text-color has-link-color wp-elements-c5b92808b8d802ef6cb8339627a533c7\">Le samedi 3 ao\u00fbt 2025, la communaut\u00e9 nig\u00e9rienne s\u2019est r\u00e9unie au parc d\u2019activit\u00e9 de la Ram\u00e9e, \u00e0 l\u2019initiative chaleureuse de la famille de notre compatriote Fadilou. Ce moment de convivialit\u00e9 et de partage a permis \u00e0 chacun de se retrouver, d\u2019\u00e9changer et de renforcer les liens qui nous unissent.<\/p>\n\n\n\n<p class=\"has-black-color has-text-color has-link-color wp-elements-614f520ee06a10f83a080191a9f515d4\">Cette rencontre a \u00e9t\u00e9 l\u2019occasion de rappeler les valeurs fondamentales de solidarit\u00e9, d\u2019unit\u00e9 et de fraternit\u00e9 qui font la force de notre communaut\u00e9, o\u00f9 que nous soyons dans le monde.<\/p>\n\n\n\n<p class=\"has-black-color has-text-color has-link-color wp-elements-ce8ba9fc47011366ed4875015709c7a0\">Un \u00e9change particuli\u00e8rement enrichissant a port\u00e9 sur la souverainet\u00e9 de notre pays et les d\u00e9fis li\u00e9s au changement climatique. Ces discussions ont soulign\u00e9 l\u2019importance de l\u2019engagement collectif et citoyen, notamment \u00e0 travers des actions concr\u00e8tes comme la plantation d\u2019arbres pour pr\u00e9server notre environnement.<\/p>\n\n\n\n<p>Nous remercions chaleureusement tous les participants et particuli\u00e8rement la famille de Fadilou pour cette belle initiative. Ensemble, continuons \u00e0 porter haut les couleurs du Niger.<\/p>\n\n\n\n<figure class=\"wp-block-image size-full is-style-rounded\"><img loading=\"lazy\" decoding=\"async\" width=\"2560\" height=\"1928\" src=\"https:\/\/association-nigeriens-toulouse.fr\/wp-content\/uploads\/2025\/08\/fete_3aout_la_ramee-min-scaled.jpg\" alt=\"\" class=\"wp-image-516\" srcset=\"https:\/\/association-nigeriens-toulouse.fr\/wp-content\/uploads\/2025\/08\/fete_3aout_la_ramee-min-scaled.jpg 2560w, https:\/\/association-nigeriens-toulouse.fr\/wp-content\/uploads\/2025\/08\/fete_3aout_la_ramee-min-300x226.jpg 300w\" sizes=\"auto, (max-width: 2560px) 100vw, 2560px\" \/><\/figure>\n","protected":false},"excerpt":{"rendered":"<p>Le samedi 3 ao\u00fbt 2025, la communaut\u00e9 nig\u00e9rienne s\u2019est r\u00e9unie au parc d\u2019activit\u00e9 de la Ram\u00e9e, \u00e0 l\u2019initiative chaleureuse de la famille de notre compatriote Fadilou. Ce moment de convivialit\u00e9 et de partage a permis \u00e0 chacun de se retrouver, d\u2019\u00e9changer et de renforcer les liens qui nous unissent. Cette rencontre a \u00e9t\u00e9 l\u2019occasion de [&hellip;]<\/p>\n","protected":false},"author":3,"featured_media":541,"comment_status":"closed","ping_status":"closed","sticky":false,"template":"","format":"standard","meta":{"footnotes":""},"categories":[1],"tags":[25,22,24],"class_list":["post-509","post","type-post","status-publish","format-standard","has-post-thumbnail","hentry","category-non-classe","tag-fete-de-larbre-niger","tag-fete-national-niger","tag-niger-toulouse"],"_links":{"self":[{"href":"https:\/\/association-nigeriens-toulouse.fr\/index.php?rest_route=\/wp\/v2\/posts\/509","targetHints":{"allow":["GET"]}}],"collection":[{"href":"https:\/\/association-nigeriens-toulouse.fr\/index.php?rest_route=\/wp\/v2\/posts"}],"about":[{"href":"https:\/\/association-nigeriens-toulouse.fr\/index.php?rest_route=\/wp\/v2\/types\/post"}],"author":[{"embeddable":true,"href":"https:\/\/association-nigeriens-toulouse.fr\/index.php?rest_route=\/wp\/v2\/users\/3"}],"replies":[{"embeddable":true,"href":"https:\/\/association-nigeriens-toulouse.fr\/index.php?rest_route=%2Fwp%2Fv2%2Fcomments&post=509"}],"version-history":[{"count":3,"href":"https:\/\/association-nigeriens-toulouse.fr\/index.php?rest_route=\/wp\/v2\/posts\/509\/revisions"}],"predecessor-version":[{"id":519,"href":"https:\/\/association-nigeriens-toulouse.fr\/index.php?rest_route=\/wp\/v2\/posts\/509\/revisions\/519"}],"wp:featuredmedia":[{"embeddable":true,"href":"https:\/\/association-nigeriens-toulouse.fr\/index.php?rest_route=\/wp\/v2\/media\/541"}],"wp:attachment":[{"href":"https:\/\/association-nigeriens-toulouse.fr\/index.php?rest_route=%2Fwp%2Fv2%2Fmedia&parent=509"}],"wp:term":[{"taxonomy":"category","embeddable":true,"href":"https:\/\/association-nigeriens-toulouse.fr\/index.php?rest_route=%2Fwp%2Fv2%2Fcategories&post=509"},{"taxonomy":"post_tag","embeddable":true,"href":"https:\/\/association-nigeriens-toulouse.fr\/index.php?rest_route=%2Fwp%2Fv2%2Ftags&post=509"}],"curies":[{"name":"wp","href":"https:\/\/api.w.org\/{rel}","templated":true}]}}